{"id":1437,"date":"2023-12-14T08:44:07","date_gmt":"2023-12-14T08:44:07","guid":{"rendered":"https:\/\/ethnology.ich.md\/?p=1437"},"modified":"2023-12-14T09:09:19","modified_gmt":"2023-12-14T09:09:19","slug":"volume-xxxiv-volumul-xxxiv-%d1%82%d0%be%d0%bc-xxxiv-2023","status":"publish","type":"post","link":"https:\/\/ethnology.ich.md\/ru\/arhive\/1437","title":{"rendered":"Volume XXXIV \/ Volumul XXXIV \/ \u0422\u043e\u043c XXXIV \/ 2023"},"content":{"rendered":"<div class=\"entry\">\n\n\n<p class=\"has-text-align-center\">CUPRINS<\/p>\n\n\n\n<p class=\"has-text-align-center\"><a href=\"https:\/\/ethnology.ich.md\/wp-content\/uploads\/REC.Vol_.34_PRINT-.pdf\"><strong>Volumul integral<\/strong><\/a><\/p>\n\n\n\n<figure class=\"wp-block-table\"><table><tbody><tr><td class=\"has-text-align-center\" data-align=\"center\" colspan=\"3\"><strong>ETNOLOGIE \u0218I CULTUROLOGIE<\/strong><strong><\/strong><\/td><\/tr><tr><td class=\"has-text-align-center\" data-align=\"center\">Natalia GOLANT, Nicolae SUHACEV<\/td><td><a href=\"https:\/\/ethnology.ich.md\/wp-content\/uploads\/1.-GOLANT_2023.pdf\">Reflectarea obiceiurilor funerare ale rom\u00e2nilor din Valea \u0422imocului \u00een variantele timocene ale baladei \u201eMiori\u0163a\u201d<\/a><\/td><td><strong>&nbsp;<\/strong> 5<\/td><\/tr><tr><td class=\"has-text-align-center\" data-align=\"center\">Evdochia SOROCEANU<\/td><td><a href=\"https:\/\/ethnology.ich.md\/wp-content\/uploads\/2.-SOROCEANU_2023.pdf\">\u201eSacrificiul de construc\u021bie\u201d \u00een obiceiurile \u0219i ritualurile g\u0103g\u0103uzilor<\/a><\/td><td>11<\/td><\/tr><tr><td class=\"has-text-align-center\" data-align=\"center\">Adrian DOLGHI<\/td><td><a href=\"https:\/\/ethnology.ich.md\/wp-content\/uploads\/3.-DOLGHI_2023.pdf\">Locuin\u021ba \u00een mediul urban din RSS Moldoveneasc\u0103 \u00een anii 1944\u2013 1961<\/a><\/td><td>20<\/td><\/tr><tr><td class=\"has-text-align-center\" data-align=\"center\">Tatiana ZAICOVSCHI<\/td><td><a href=\"https:\/\/ethnology.ich.md\/wp-content\/uploads\/4.-ZAICOVSCHI_2023.pdf\">Tradi\u021biile funerare \u0219i de pomenire ale lipovenilor din Republica Moldova ca ritualuri din etapa final\u0103 a ciclului vie\u021bii omului<\/a><\/td><td>28<\/td><\/tr><tr><td class=\"has-text-align-center\" data-align=\"center\">Svetlana PROCOP<\/td><td><a href=\"https:\/\/ethnology.ich.md\/wp-content\/uploads\/5.-PROCOP.pdf\">Mi\u0219carea social\u0103 a romilor din Republica Moldova (1991\u20132001): liderii \u0219i organiza\u021bii<\/a><\/td><td>38<\/td><\/tr><tr><td class=\"has-text-align-center\" data-align=\"center\">Alexander GANCHEV, Yuliia UZUN<\/td><td><a href=\"https:\/\/ethnology.ich.md\/wp-content\/uploads\/6.-GANCHEV.pdf\">\u201cDemography as history\u201d: methods of studying the past (II)<\/a><\/td><td>49<\/td><\/tr><tr><td class=\"has-text-align-center\" data-align=\"center\">Natalya MOSKOVCHUK, Mariana PALCHYNSKA<\/td><td><a href=\"https:\/\/ethnology.ich.md\/wp-content\/uploads\/7.-MOSKOVCHUK.pdf\">Formation&nbsp;&nbsp;&nbsp;&nbsp; &nbsp;of&nbsp;&nbsp;&nbsp;&nbsp; &nbsp;communicative&nbsp;&nbsp;&nbsp;&nbsp; &nbsp;competence&nbsp;&nbsp;&nbsp;&nbsp; &nbsp;in students&nbsp; &nbsp;of&nbsp; &nbsp;Ukrainian&nbsp; &nbsp;elementary&nbsp;&nbsp; &nbsp;schools&nbsp;&nbsp; &nbsp;with instruction in the languages of national minorities<\/a><\/td><td>59<\/td><\/tr><tr><td class=\"has-text-align-center\" data-align=\"center\">Olha VOVK<\/td><td><a href=\"https:\/\/ethnology.ich.md\/wp-content\/uploads\/8.-VOVK_2023.pdf\">Vasyl Nazarovych Karazin \u2013 prominent scientist and enlighten- er: a 21<sup>st<\/sup> century vision (to the 250<sup>th<\/sup> birth anniversary)<\/a><\/td><td>68<\/td><\/tr><tr><td class=\"has-text-align-center\" data-align=\"center\">Iulii PALIHOVICI<\/td><td><a href=\"https:\/\/ethnology.ich.md\/wp-content\/uploads\/9.-PALIHOVICI.pdf\">Evreii din \u021a\u0103rile Rom\u00e2ne la sf\u00e2r\u0219itul secolului al XVIII-lea \u00een viziunea drume\u021bilor str\u0103ini (I)<\/a><\/td><td>76<\/td><\/tr><tr><td class=\"has-text-align-center\" data-align=\"center\" colspan=\"3\"><strong>PAGINA<\/strong><strong> <\/strong><strong>T\u00c2N\u0102RULUI<\/strong><strong> <\/strong><strong>CERCET\u0102TOR<\/strong><strong><\/strong><\/td><\/tr><tr><td class=\"has-text-align-center\" data-align=\"center\">Alexandru MARIN<\/td><td><a href=\"https:\/\/ethnology.ich.md\/wp-content\/uploads\/10.-MARIN_2023.pdf\">Persecutarea intelectualului \u0219i omului politic Gheorghe I. I. C. Br\u0103tianu de c\u0103tre regimul comunist din Rom\u00e2nia<\/a><\/td><td>85<\/td><\/tr><tr><td class=\"has-text-align-center\" data-align=\"center\">Ecaterina PIHUROV<\/td><td><a href=\"https:\/\/ethnology.ich.md\/wp-content\/uploads\/11.-PIHUROV_2023.pdf\">Imaginea Republicii Moldova \u00een percep\u021bia turi\u0219tilor str\u0103ini (\u00een baza surselor mass-media): aspecte etnoculturale<\/a><\/td><td>94<\/td><\/tr><tr><td class=\"has-text-align-center\" data-align=\"center\" colspan=\"3\"><strong>COMUNIC\u0102RI<\/strong><strong><\/strong><\/td><\/tr><tr><td class=\"has-text-align-center\" data-align=\"center\"><strong>&nbsp;<\/strong> Ion DUMINICA<\/td><td><a href=\"https:\/\/ethnology.ich.md\/wp-content\/uploads\/12.-DUMINICA_I_2023.pdf\">Realiz\u0103rile multidimensionale ale Mi\u0219c\u0103rii de Emancipare \u0219i Rede\u0219teptare a Romilor din Rom\u00e2nia reliefate \u00een ziarul \u201eGlasul Romilor\u201d (1934\u20131941) (III)<\/a><\/td><td><strong>&nbsp;<\/strong> 101<\/td><\/tr><tr><td class=\"has-text-align-center\" data-align=\"center\"><strong>&nbsp;<\/strong> Valdemar KALININ<\/td><td><a href=\"https:\/\/ethnology.ich.md\/wp-content\/uploads\/13.-KALININ_2023.pdf\">A study of how Prince and the Gypsy King preserved the traditions and habits of the Gypsies (Roma) in the Polish- Lithuanian Commonwealth (XVIII<sup>th<\/sup> century)<\/a><\/td><td><strong>&nbsp;<\/strong> 111<\/td><\/tr><tr><td class=\"has-text-align-center\" data-align=\"center\">Irina IJBOLDINA<\/td><td><a href=\"https:\/\/ethnology.ich.md\/wp-content\/uploads\/14.-IJBOLDINA_2023.pdf\">Reflectarea literar\u0103 a valorilor familiale tradi\u021bionale ale familiei ruse din Moldova (secolele XIX\u2013XXI)<\/a><\/td><td>119<\/td><\/tr><tr><td class=\"has-text-align-center\" data-align=\"center\" colspan=\"3\"><strong>RECENZII<\/strong><strong><\/strong><\/td><\/tr><tr><td class=\"has-text-align-center\" data-align=\"center\">Ivan DUMINICA<\/td><td><a href=\"https:\/\/ethnology.ich.md\/wp-content\/uploads\/15.-DUMINICA_Recenzie_2023.pdf\">Cercet\u0103ri \u0219tiin\u021bifice despre \u00eenv\u0103\u021b\u0103m\u00e2ntul superior din RSS Moldoveneasc\u0103<\/a><\/td><td>129<\/td><\/tr><tr><td class=\"has-text-align-center\" data-align=\"center\"><strong>&nbsp;<\/strong> Ion GUMEN\u00c2I<\/td><td><a href=\"https:\/\/ethnology.ich.md\/wp-content\/uploads\/16.-GUMENAI_2023.pdf\">Hru\u015fova: satul, \u015fcoala \u015fi biserica. Schi\u021be monografice \u0219i articole ale \u00eenv\u0103\u021b\u0103torului Teodor Balmu\u0219. Alc\u0103tuitori: dr. hab. Ivan Duminica \u0219i Alexandru Cerga. Chi\u015fin\u0103u: Lexon-Prim, 2023. 163 p.<\/a><\/td><td><strong>&nbsp;<\/strong> 132<\/td><\/tr><tr><td class=\"has-text-align-center\" data-align=\"center\">Valentin ARAPU<\/td><td><a href=\"https:\/\/ethnology.ich.md\/wp-content\/uploads\/17.-ARAPU_recenzie_2023.pdf\">Marjan&nbsp;&nbsp; Mihajlov.&nbsp;&nbsp; C\u0103l\u0103torie&nbsp;&nbsp; prin&nbsp;&nbsp;&nbsp;&nbsp;&nbsp;&nbsp;&nbsp;&nbsp;&nbsp;&nbsp;&nbsp;&nbsp;&nbsp;&nbsp; buc\u0103t\u0103ria&nbsp;&nbsp;&nbsp; macedonean\u0103. Bucure\u0219ti: Editura Macedoneanul, 2021. 102 p.<\/a><\/td><td>134<\/td><\/tr><\/tbody><\/table><\/figure>\n\n\n\n<figure class=\"wp-block-table\"><table><tbody><tr><td><strong>&nbsp;<\/strong> <strong>&nbsp;<\/strong> Alexander GANCHEV, Vladimir MILCHEV<\/td><td><a href=\"https:\/\/ethnology.ich.md\/wp-content\/uploads\/18.-GANCHEV_recenzie_2023.pdf\">\u0414\u0443\u043c\u0438\u043d\u0438\u043a\u0430 \u0418\u0432\u0430\u043d. \u0426\u044a\u0440\u043a\u043e\u0432\u043d\u0438\u044f\u0442 \u0436\u0438\u0432\u043e\u0442 \u043d\u0430 \u0431\u044a\u043b\u0433\u0430\u0440\u0438\u0442\u0435 \u0432 \u0411\u0435\u0441\u0430\u0440\u0430\u0431\u0438\u044f (1812\u20131918). \u041d\u0430\u0443\u0447\u043d\u0438 \u0440\u0435\u0434\u0430\u043a\u0442\u043e\u0440\u0438: \u041d\u0438\u043a\u043e\u043b\u0430\u0439 \u0427\u0435\u0440\u0432\u0435\u043d\u043a\u043e\u0432, \u041c\u0438\u043b- \u043a\u043e \u041f\u0430\u043b\u0430\u043d\u0433\u0443\u0440\u0441\u043a\u0438; \u0418\u043d\u0441\u0442\u0438\u0442\u0443\u0442 \u0437\u0430 \u043a\u0443\u043b\u0442\u0443\u0440\u043d\u043e \u043d\u0430\u0441\u043b\u0435\u0434\u0441\u0442\u0432\u043e [\u0438 \u0434\u0440.]. Chi\u0219in\u0103u: Lexon-Prim, 2023. 456 \u0440. \/ Duminika Ivan. Church life of Bulgarians in Bessarabia (1812\u20131918). Scientific editors: Nikolay Chervenkov, Milko Palangursky; Institute of Cultural Heritage [etc.]. Chisinau: Lexon-Prim, 2023. 456 p.<\/a><\/td><td><strong>&nbsp;<\/strong> <strong>&nbsp;<\/strong> 136<\/td><\/tr><tr><td><strong>&nbsp;<\/strong> \u0414\u0438\u0430\u043d\u0430 \u041d\u0418\u041a\u041e\u0413\u041b\u041e<\/td><td><a href=\"https:\/\/ethnology.ich.md\/wp-content\/uploads\/19.-\u041d\u0418\u041a\u041e\u0413\u041b\u041e_recenzie.pdf\">\u0410\u0440\u0445\u0435\u043e\u043b\u043e\u0433\u043e-\u0438\u0441\u0442\u043e\u0440\u0438\u043a\u043e-\u044d\u0442\u043d\u043e\u0433\u0440\u0430\u0444\u0438\u0447\u0435\u0441\u043a\u0438\u0435 \u043e\u043f\u0438\u0441\u0430\u043d\u0438\u044f \u0411\u0443\u0434\u0436\u0430\u043a\u0430: \u0441\u0442\u0430\u0442\u044c\u0438 1884 \u0433\u043e\u0434\u0430 \u0441 \u043a\u043e\u043c\u043c\u0435\u043d\u0442\u0430\u0440\u0438\u044f\u043c\u0438 \u0438 \u0438\u043b\u043b\u044e\u0441\u0442\u0440\u0430\u0446\u0438\u044f\u043c\u0438. \u0421\u043e\u0441\u0442. \u0418\u0432\u0430\u043d \u0414\u0443\u043c\u0438\u043d\u0438\u043a\u0430, \u0418\u0433\u043e\u0440\u044c \u0421\u0430\u043f\u043e\u0436\u043d\u0438\u043a\u043e\u0432. \u041e\u0434\u0435\u0441\u0441\u0430, 2023. 380 \u0441\u0442\u0440.<\/a><\/td><td><strong>&nbsp;<\/strong> 139<\/td><\/tr><tr><td colspan=\"2\"><strong><a href=\"https:\/\/ethnology.ich.md\/wp-content\/uploads\/20.-Date_despre_colegiu.pdf\">\u0421\u0432\u0435\u0434\u0435\u043d\u0438\u044f \u043e \u0440\u0435\u0434\u043a\u043e\u043b\u043b\u0435\u0433\u0438\u0438<\/a><\/strong><\/td><td>140<\/td><\/tr><tr><td colspan=\"2\"><strong><a href=\"https:\/\/ethnology.ich.md\/wp-content\/uploads\/20.-Date_despre_colegiu.pdf\">Data on the Editorial Board<\/a><\/strong><\/td><td>141<\/td><\/tr><tr><td colspan=\"2\"><strong><a href=\"https:\/\/ethnology.ich.md\/wp-content\/uploads\/21.-Conditii-de-publicare.pdf\">Condi\u021biile de publicare ale materialelor \u00een Revista de Etnologie \u0219i Culturologie<\/a><\/strong><\/td><td>142<\/td><\/tr><tr><td colspan=\"2\"><strong><a href=\"https:\/\/ethnology.ich.md\/wp-content\/uploads\/21.-Conditii-de-publicare.pdf\">\u0423\u0441\u043b\u043e\u0432\u0438\u044f \u043f\u0443\u0431\u043b\u0438\u043a\u0430\u0446\u0438\u0438 \u043c\u0430\u0442\u0435\u0440\u0438\u0430\u043b\u043e\u0432 \u0432 \u0416\u0443\u0440\u043d\u0430\u043b\u0435 \u044d\u0442\u043d\u043e\u043b\u043e\u0433\u0438\u0438 \u0438 \u043a\u0443\u043b\u044c\u0442\u0443\u0440\u043e\u043b\u043e\u0433\u0438\u0438<\/a><\/strong><\/td><td>144<\/td><\/tr><tr><td colspan=\"2\"><strong><a href=\"https:\/\/ethnology.ich.md\/wp-content\/uploads\/21.-Conditii-de-publicare.pdf\">Conditions of publication of materials in the Journal of Ethnology and Culturology<\/a><\/strong><\/td><td>147<\/td><\/tr><tr><td colspan=\"2\"><strong>Contents<\/strong><strong><\/strong><\/td><td>149<\/td><\/tr><\/tbody><\/table><\/figure>\n\n\n<\/div>","protected":false},"excerpt":{"rendered":"<p>CUPRINS Volumul integral ETNOLOGIE \u0218I CULTUROLOGIE Natalia GOLANT, Nicolae SUHACEV Reflectarea obiceiurilor funerare ale rom\u00e2nilor din Valea \u0422imocului \u00een variantele timocene ale baladei \u201eMiori\u0163a\u201d &nbsp; 5 Evdochia SOROCEANU \u201eSacrificiul de construc\u021bie\u201d \u00een obiceiurile \u0219i ritualurile g\u0103g\u0103uzilor 11 Adrian DOLGHI Locuin\u021ba \u00een mediul urban din RSS Moldoveneasc\u0103 \u00een anii 1944\u2013 1961 20 Tatiana ZAICOVSCHI Tradi\u021biile funerare &#8230;<\/p>\n","protected":false},"author":1,"featured_media":1468,"comment_status":"closed","ping_status":"closed","sticky":false,"template":"","format":"standard","meta":[],"categories":[1],"tags":[],"_links":{"self":[{"href":"https:\/\/ethnology.ich.md\/ru\/wp-json\/wp\/v2\/posts\/1437"}],"collection":[{"href":"https:\/\/ethnology.ich.md\/ru\/wp-json\/wp\/v2\/posts"}],"about":[{"href":"https:\/\/ethnology.ich.md\/ru\/wp-json\/wp\/v2\/types\/post"}],"author":[{"embeddable":true,"href":"https:\/\/ethnology.ich.md\/ru\/wp-json\/wp\/v2\/users\/1"}],"replies":[{"embeddable":true,"href":"https:\/\/ethnology.ich.md\/ru\/wp-json\/wp\/v2\/comments?post=1437"}],"version-history":[{"count":5,"href":"https:\/\/ethnology.ich.md\/ru\/wp-json\/wp\/v2\/posts\/1437\/revisions"}],"predecessor-version":[{"id":1469,"href":"https:\/\/ethnology.ich.md\/ru\/wp-json\/wp\/v2\/posts\/1437\/revisions\/1469"}],"wp:featuredmedia":[{"embeddable":true,"href":"https:\/\/ethnology.ich.md\/ru\/wp-json\/wp\/v2\/media\/1468"}],"wp:attachment":[{"href":"https:\/\/ethnology.ich.md\/ru\/wp-json\/wp\/v2\/media?parent=1437"}],"wp:term":[{"taxonomy":"category","embeddable":true,"href":"https:\/\/ethnology.ich.md\/ru\/wp-json\/wp\/v2\/categories?post=1437"},{"taxonomy":"post_tag","embeddable":true,"href":"https:\/\/ethnology.ich.md\/ru\/wp-json\/wp\/v2\/tags?post=1437"}],"curies":[{"name":"wp","href":"https:\/\/api.w.org\/{rel}","templated":true}]}}